{"id":709,"date":"2026-02-06T17:04:30","date_gmt":"2026-02-06T16:04:30","guid":{"rendered":"https:\/\/fsgt95.fr\/?p=709"},"modified":"2026-02-09T12:16:54","modified_gmt":"2026-02-09T11:16:54","slug":"le-38e-tour-de-mery","status":"publish","type":"post","link":"https:\/\/fsgt95.fr\/index.php\/2026\/02\/06\/le-38e-tour-de-mery\/","title":{"rendered":"Le 38e Tour de M\u00e9ry"},"content":{"rendered":"\n<p><strong>Le club d\u2019Athl\u00e9tisme U.S.MERY AC Et la ville de Mery-sur Oise organisent au Stade Municipal Bernard GAMBIER<br>le 37e tour de Mery le samedi 4 Avril 2026<\/strong><\/p>\n\n\n\n<div class=\"wp-block-uagb-buttons uagb-buttons__outer-wrap uagb-btn__default-btn uagb-btn-tablet__default-btn uagb-btn-mobile__default-btn uagb-block-c298ee20\"><div class=\"uagb-buttons__wrap uagb-buttons-layout-wrap \">\n<div class=\"wp-block-uagb-buttons-child uagb-buttons__outer-wrap uagb-block-16bdd3a5 wp-block-button\"><div class=\"uagb-button__wrapper\"><a class=\"uagb-buttons-repeater wp-block-button__link\" aria-label=\"\" href=\"https:\/\/fsgt95.fr\/wp-content\/uploads\/2026\/02\/Bulletin-d-inscription-2026.pdf\" rel=\"follow noopener\" target=\"_self\" role=\"button\"><div class=\"uagb-button__link\">Bulletin d&rsquo;inscription 2026<\/div><\/a><\/div><\/div>\n<\/div><\/div>\n\n\n\n<div class=\"wp-block-uagb-separator uagb-block-ac71ae16\"><div class=\"wp-block-uagb-separator__inner\" style=\"--my-background-image:\"><\/div><\/div>\n\n\n\n<div class=\"wp-block-uagb-buttons uagb-buttons__outer-wrap uagb-btn__default-btn uagb-btn-tablet__default-btn uagb-btn-mobile__default-btn uagb-block-b21edc39\"><div class=\"uagb-buttons__wrap uagb-buttons-layout-wrap \">\n<div class=\"wp-block-uagb-buttons-child uagb-buttons__outer-wrap uagb-block-fedcca74 wp-block-button\"><div class=\"uagb-button__wrapper\"><a class=\"uagb-buttons-repeater wp-block-button__link\" aria-label=\"\" href=\"https:\/\/fsgt95.fr\/wp-content\/uploads\/2026\/02\/reglement-TDM-2026.pdf\" rel=\"follow noopener\" target=\"_self\" role=\"button\"><div class=\"uagb-button__link\">R\u00e8glement Tour de Mery 2026<\/div><\/a><\/div><\/div>\n<\/div><\/div>\n\n\n\n<div class=\"wp-block-uagb-separator uagb-block-2b7c1db3\"><div class=\"wp-block-uagb-separator__inner\" style=\"--my-background-image:\"><\/div><\/div>\n\n\n\n<div class=\"wp-block-uagb-buttons uagb-buttons__outer-wrap uagb-btn__default-btn uagb-btn-tablet__default-btn uagb-btn-mobile__default-btn uagb-block-b6955efc\"><div class=\"uagb-buttons__wrap uagb-buttons-layout-wrap \">\n<div class=\"wp-block-uagb-buttons-child uagb-buttons__outer-wrap uagb-block-d15872a7 wp-block-button\"><div class=\"uagb-button__wrapper\"><a class=\"uagb-buttons-repeater wp-block-button__link\" aria-label=\"\" href=\"https:\/\/fsgt95.fr\/wp-content\/uploads\/2026\/02\/Affiche-du-tour-de-Mery-2026.pdf\" rel=\"follow noopener\" target=\"_self\" role=\"button\"><div class=\"uagb-button__link\">Affiche du Tour de M\u00e9ry<\/div><\/a><\/div><\/div>\n<\/div><\/div>\n","protected":false},"excerpt":{"rendered":"<p>Le club d\u2019Athl\u00e9tisme U.S.MERY AC Et la ville de Mery-sur Oise organisent au Stade Municipal Bernard GAMBIERle 37e tour de Mery le samedi 4 Avril 2026<\/p>\n","protected":false},"author":1,"featured_media":634,"comment_status":"closed","ping_status":"open","sticky":false,"template":"","format":"standard","meta":{"om_disable_all_campaigns":false,"_uag_custom_page_level_css":"","neve_meta_sidebar":"","neve_meta_container":"","neve_meta_enable_content_width":"","neve_meta_content_width":0,"neve_meta_title_alignment":"","neve_meta_author_avatar":"","neve_post_elements_order":"","neve_meta_disable_header":"","neve_meta_disable_footer":"","neve_meta_disable_title":"","footnotes":""},"categories":[1],"tags":[],"class_list":["post-709","post","type-post","status-publish","format-standard","has-post-thumbnail","hentry","category-non-classe"],"yoast_head":"<!-- This site is optimized with the Yoast SEO plugin v26.9 - https:\/\/yoast.com\/product\/yoast-seo-wordpress\/ -->\n<title>Le 38e Tour de M\u00e9ry - FSGT 95<\/title>\n<meta name=\"robots\" content=\"index, follow, max-snippet:-1, max-image-preview:large, max-video-preview:-1\" \/>\n<link rel=\"canonical\" href=\"https:\/\/fsgt95.fr\/index.php\/2026\/02\/06\/le-38e-tour-de-mery\/\" \/>\n<meta property=\"og:locale\" content=\"fr_FR\" \/>\n<meta property=\"og:type\" content=\"article\" \/>\n<meta property=\"og:title\" content=\"Le 38e Tour de M\u00e9ry - FSGT 95\" \/>\n<meta property=\"og:description\" content=\"Le club d\u2019Athl\u00e9tisme U.S.MERY AC Et la ville de Mery-sur Oise organisent au Stade Municipal Bernard GAMBIERle 37e tour de Mery le samedi 4 Avril 2026\" \/>\n<meta property=\"og:url\" content=\"https:\/\/fsgt95.fr\/index.php\/2026\/02\/06\/le-38e-tour-de-mery\/\" \/>\n<meta property=\"og:site_name\" content=\"FSGT 95\" \/>\n<meta property=\"article:published_time\" content=\"2026-02-06T16:04:30+00:00\" \/>\n<meta property=\"article:modified_time\" content=\"2026-02-09T11:16:54+00:00\" \/>\n<meta property=\"og:image\" content=\"https:\/\/fsgt95.fr\/wp-content\/uploads\/2025\/01\/banner__rm9tkj.jpg\" \/>\n\t<meta property=\"og:image:width\" content=\"924\" \/>\n\t<meta property=\"og:image:height\" content=\"197\" \/>\n\t<meta property=\"og:image:type\" content=\"image\/jpeg\" \/>\n<meta name=\"author\" content=\"adminfsgt95\" \/>\n<meta name=\"twitter:card\" content=\"summary_large_image\" \/>\n<meta name=\"twitter:label1\" content=\"\u00c9crit par\" \/>\n\t<meta name=\"twitter:data1\" content=\"adminfsgt95\" \/>\n\t<meta name=\"twitter:label2\" content=\"Dur\u00e9e de lecture estim\u00e9e\" \/>\n\t<meta name=\"twitter:data2\" content=\"1 minute\" \/>\n<script type=\"application\/ld+json\" class=\"yoast-schema-graph\">{\"@context\":\"https:\/\/schema.org\",\"@graph\":[{\"@type\":\"Article\",\"@id\":\"https:\/\/fsgt95.fr\/index.php\/2026\/02\/06\/le-38e-tour-de-mery\/#article\",\"isPartOf\":{\"@id\":\"https:\/\/fsgt95.fr\/index.php\/2026\/02\/06\/le-38e-tour-de-mery\/\"},\"author\":{\"name\":\"adminfsgt95\",\"@id\":\"https:\/\/fsgt95.fr\/#\/schema\/person\/f3038ac2abc55558bc0e69656827869e\"},\"headline\":\"Le 38e Tour de M\u00e9ry\",\"datePublished\":\"2026-02-06T16:04:30+00:00\",\"dateModified\":\"2026-02-09T11:16:54+00:00\",\"mainEntityOfPage\":{\"@id\":\"https:\/\/fsgt95.fr\/index.php\/2026\/02\/06\/le-38e-tour-de-mery\/\"},\"wordCount\":47,\"publisher\":{\"@id\":\"https:\/\/fsgt95.fr\/#organization\"},\"image\":{\"@id\":\"https:\/\/fsgt95.fr\/index.php\/2026\/02\/06\/le-38e-tour-de-mery\/#primaryimage\"},\"thumbnailUrl\":\"https:\/\/fsgt95.fr\/wp-content\/uploads\/2025\/01\/banner__rm9tkj.jpg\",\"inLanguage\":\"fr-FR\"},{\"@type\":\"WebPage\",\"@id\":\"https:\/\/fsgt95.fr\/index.php\/2026\/02\/06\/le-38e-tour-de-mery\/\",\"url\":\"https:\/\/fsgt95.fr\/index.php\/2026\/02\/06\/le-38e-tour-de-mery\/\",\"name\":\"Le 38e Tour de M\u00e9ry - FSGT 95\",\"isPartOf\":{\"@id\":\"https:\/\/fsgt95.fr\/#website\"},\"primaryImageOfPage\":{\"@id\":\"https:\/\/fsgt95.fr\/index.php\/2026\/02\/06\/le-38e-tour-de-mery\/#primaryimage\"},\"image\":{\"@id\":\"https:\/\/fsgt95.fr\/index.php\/2026\/02\/06\/le-38e-tour-de-mery\/#primaryimage\"},\"thumbnailUrl\":\"https:\/\/fsgt95.fr\/wp-content\/uploads\/2025\/01\/banner__rm9tkj.jpg\",\"datePublished\":\"2026-02-06T16:04:30+00:00\",\"dateModified\":\"2026-02-09T11:16:54+00:00\",\"breadcrumb\":{\"@id\":\"https:\/\/fsgt95.fr\/index.php\/2026\/02\/06\/le-38e-tour-de-mery\/#breadcrumb\"},\"inLanguage\":\"fr-FR\",\"potentialAction\":[{\"@type\":\"ReadAction\",\"target\":[\"https:\/\/fsgt95.fr\/index.php\/2026\/02\/06\/le-38e-tour-de-mery\/\"]}]},{\"@type\":\"ImageObject\",\"inLanguage\":\"fr-FR\",\"@id\":\"https:\/\/fsgt95.fr\/index.php\/2026\/02\/06\/le-38e-tour-de-mery\/#primaryimage\",\"url\":\"https:\/\/fsgt95.fr\/wp-content\/uploads\/2025\/01\/banner__rm9tkj.jpg\",\"contentUrl\":\"https:\/\/fsgt95.fr\/wp-content\/uploads\/2025\/01\/banner__rm9tkj.jpg\",\"width\":924,\"height\":197},{\"@type\":\"BreadcrumbList\",\"@id\":\"https:\/\/fsgt95.fr\/index.php\/2026\/02\/06\/le-38e-tour-de-mery\/#breadcrumb\",\"itemListElement\":[{\"@type\":\"ListItem\",\"position\":1,\"name\":\"Accueil\",\"item\":\"https:\/\/fsgt95.fr\/\"},{\"@type\":\"ListItem\",\"position\":2,\"name\":\"Le 38e Tour de M\u00e9ry\"}]},{\"@type\":\"WebSite\",\"@id\":\"https:\/\/fsgt95.fr\/#website\",\"url\":\"https:\/\/fsgt95.fr\/\",\"name\":\"FSGT 95\",\"description\":\"Comit\u00e9 d\u00e9partemental Val d&#039;Oise\",\"publisher\":{\"@id\":\"https:\/\/fsgt95.fr\/#organization\"},\"potentialAction\":[{\"@type\":\"SearchAction\",\"target\":{\"@type\":\"EntryPoint\",\"urlTemplate\":\"https:\/\/fsgt95.fr\/?s={search_term_string}\"},\"query-input\":{\"@type\":\"PropertyValueSpecification\",\"valueRequired\":true,\"valueName\":\"search_term_string\"}}],\"inLanguage\":\"fr-FR\"},{\"@type\":\"Organization\",\"@id\":\"https:\/\/fsgt95.fr\/#organization\",\"name\":\"fsgt95.fr\",\"alternateName\":\"Comit\u00e9 FSGT 95\",\"url\":\"https:\/\/fsgt95.fr\/\",\"logo\":{\"@type\":\"ImageObject\",\"inLanguage\":\"fr-FR\",\"@id\":\"https:\/\/fsgt95.fr\/#\/schema\/logo\/image\/\",\"url\":\"https:\/\/fsgt95.fr\/wp-content\/uploads\/2024\/04\/cropped-cropped-LogoFSGT95-png-1.png\",\"contentUrl\":\"https:\/\/fsgt95.fr\/wp-content\/uploads\/2024\/04\/cropped-cropped-LogoFSGT95-png-1.png\",\"width\":372,\"height\":360,\"caption\":\"fsgt95.fr\"},\"image\":{\"@id\":\"https:\/\/fsgt95.fr\/#\/schema\/logo\/image\/\"}},{\"@type\":\"Person\",\"@id\":\"https:\/\/fsgt95.fr\/#\/schema\/person\/f3038ac2abc55558bc0e69656827869e\",\"name\":\"adminfsgt95\",\"image\":{\"@type\":\"ImageObject\",\"inLanguage\":\"fr-FR\",\"@id\":\"https:\/\/fsgt95.fr\/#\/schema\/person\/image\/\",\"url\":\"https:\/\/secure.gravatar.com\/avatar\/2121317963732fe2efbbf5b7170356cda1ffd3fc8391230f57900929b9be59c2?s=96&d=mm&r=g\",\"contentUrl\":\"https:\/\/secure.gravatar.com\/avatar\/2121317963732fe2efbbf5b7170356cda1ffd3fc8391230f57900929b9be59c2?s=96&d=mm&r=g\",\"caption\":\"adminfsgt95\"},\"sameAs\":[\"http:\/\/fsgt95.fr\"],\"url\":\"https:\/\/fsgt95.fr\/index.php\/author\/adminfsgt95\/\"}]}<\/script>\n<!-- \/ Yoast SEO plugin. -->","yoast_head_json":{"title":"Le 38e Tour de M\u00e9ry - FSGT 95","robots":{"index":"index","follow":"follow","max-snippet":"max-snippet:-1","max-image-preview":"max-image-preview:large","max-video-preview":"max-video-preview:-1"},"canonical":"https:\/\/fsgt95.fr\/index.php\/2026\/02\/06\/le-38e-tour-de-mery\/","og_locale":"fr_FR","og_type":"article","og_title":"Le 38e Tour de M\u00e9ry - FSGT 95","og_description":"Le club d\u2019Athl\u00e9tisme U.S.MERY AC Et la ville de Mery-sur Oise organisent au Stade Municipal Bernard GAMBIERle 37e tour de Mery le samedi 4 Avril 2026","og_url":"https:\/\/fsgt95.fr\/index.php\/2026\/02\/06\/le-38e-tour-de-mery\/","og_site_name":"FSGT 95","article_published_time":"2026-02-06T16:04:30+00:00","article_modified_time":"2026-02-09T11:16:54+00:00","og_image":[{"width":924,"height":197,"url":"https:\/\/fsgt95.fr\/wp-content\/uploads\/2025\/01\/banner__rm9tkj.jpg","type":"image\/jpeg"}],"author":"adminfsgt95","twitter_card":"summary_large_image","twitter_misc":{"\u00c9crit par":"adminfsgt95","Dur\u00e9e de lecture estim\u00e9e":"1 minute"},"schema":{"@context":"https:\/\/schema.org","@graph":[{"@type":"Article","@id":"https:\/\/fsgt95.fr\/index.php\/2026\/02\/06\/le-38e-tour-de-mery\/#article","isPartOf":{"@id":"https:\/\/fsgt95.fr\/index.php\/2026\/02\/06\/le-38e-tour-de-mery\/"},"author":{"name":"adminfsgt95","@id":"https:\/\/fsgt95.fr\/#\/schema\/person\/f3038ac2abc55558bc0e69656827869e"},"headline":"Le 38e Tour de M\u00e9ry","datePublished":"2026-02-06T16:04:30+00:00","dateModified":"2026-02-09T11:16:54+00:00","mainEntityOfPage":{"@id":"https:\/\/fsgt95.fr\/index.php\/2026\/02\/06\/le-38e-tour-de-mery\/"},"wordCount":47,"publisher":{"@id":"https:\/\/fsgt95.fr\/#organization"},"image":{"@id":"https:\/\/fsgt95.fr\/index.php\/2026\/02\/06\/le-38e-tour-de-mery\/#primaryimage"},"thumbnailUrl":"https:\/\/fsgt95.fr\/wp-content\/uploads\/2025\/01\/banner__rm9tkj.jpg","inLanguage":"fr-FR"},{"@type":"WebPage","@id":"https:\/\/fsgt95.fr\/index.php\/2026\/02\/06\/le-38e-tour-de-mery\/","url":"https:\/\/fsgt95.fr\/index.php\/2026\/02\/06\/le-38e-tour-de-mery\/","name":"Le 38e Tour de M\u00e9ry - FSGT 95","isPartOf":{"@id":"https:\/\/fsgt95.fr\/#website"},"primaryImageOfPage":{"@id":"https:\/\/fsgt95.fr\/index.php\/2026\/02\/06\/le-38e-tour-de-mery\/#primaryimage"},"image":{"@id":"https:\/\/fsgt95.fr\/index.php\/2026\/02\/06\/le-38e-tour-de-mery\/#primaryimage"},"thumbnailUrl":"https:\/\/fsgt95.fr\/wp-content\/uploads\/2025\/01\/banner__rm9tkj.jpg","datePublished":"2026-02-06T16:04:30+00:00","dateModified":"2026-02-09T11:16:54+00:00","breadcrumb":{"@id":"https:\/\/fsgt95.fr\/index.php\/2026\/02\/06\/le-38e-tour-de-mery\/#breadcrumb"},"inLanguage":"fr-FR","potentialAction":[{"@type":"ReadAction","target":["https:\/\/fsgt95.fr\/index.php\/2026\/02\/06\/le-38e-tour-de-mery\/"]}]},{"@type":"ImageObject","inLanguage":"fr-FR","@id":"https:\/\/fsgt95.fr\/index.php\/2026\/02\/06\/le-38e-tour-de-mery\/#primaryimage","url":"https:\/\/fsgt95.fr\/wp-content\/uploads\/2025\/01\/banner__rm9tkj.jpg","contentUrl":"https:\/\/fsgt95.fr\/wp-content\/uploads\/2025\/01\/banner__rm9tkj.jpg","width":924,"height":197},{"@type":"BreadcrumbList","@id":"https:\/\/fsgt95.fr\/index.php\/2026\/02\/06\/le-38e-tour-de-mery\/#breadcrumb","itemListElement":[{"@type":"ListItem","position":1,"name":"Accueil","item":"https:\/\/fsgt95.fr\/"},{"@type":"ListItem","position":2,"name":"Le 38e Tour de M\u00e9ry"}]},{"@type":"WebSite","@id":"https:\/\/fsgt95.fr\/#website","url":"https:\/\/fsgt95.fr\/","name":"FSGT 95","description":"Comit\u00e9 d\u00e9partemental Val d&#039;Oise","publisher":{"@id":"https:\/\/fsgt95.fr\/#organization"},"potentialAction":[{"@type":"SearchAction","target":{"@type":"EntryPoint","urlTemplate":"https:\/\/fsgt95.fr\/?s={search_term_string}"},"query-input":{"@type":"PropertyValueSpecification","valueRequired":true,"valueName":"search_term_string"}}],"inLanguage":"fr-FR"},{"@type":"Organization","@id":"https:\/\/fsgt95.fr\/#organization","name":"fsgt95.fr","alternateName":"Comit\u00e9 FSGT 95","url":"https:\/\/fsgt95.fr\/","logo":{"@type":"ImageObject","inLanguage":"fr-FR","@id":"https:\/\/fsgt95.fr\/#\/schema\/logo\/image\/","url":"https:\/\/fsgt95.fr\/wp-content\/uploads\/2024\/04\/cropped-cropped-LogoFSGT95-png-1.png","contentUrl":"https:\/\/fsgt95.fr\/wp-content\/uploads\/2024\/04\/cropped-cropped-LogoFSGT95-png-1.png","width":372,"height":360,"caption":"fsgt95.fr"},"image":{"@id":"https:\/\/fsgt95.fr\/#\/schema\/logo\/image\/"}},{"@type":"Person","@id":"https:\/\/fsgt95.fr\/#\/schema\/person\/f3038ac2abc55558bc0e69656827869e","name":"adminfsgt95","image":{"@type":"ImageObject","inLanguage":"fr-FR","@id":"https:\/\/fsgt95.fr\/#\/schema\/person\/image\/","url":"https:\/\/secure.gravatar.com\/avatar\/2121317963732fe2efbbf5b7170356cda1ffd3fc8391230f57900929b9be59c2?s=96&d=mm&r=g","contentUrl":"https:\/\/secure.gravatar.com\/avatar\/2121317963732fe2efbbf5b7170356cda1ffd3fc8391230f57900929b9be59c2?s=96&d=mm&r=g","caption":"adminfsgt95"},"sameAs":["http:\/\/fsgt95.fr"],"url":"https:\/\/fsgt95.fr\/index.php\/author\/adminfsgt95\/"}]}},"uagb_featured_image_src":{"full":["https:\/\/fsgt95.fr\/wp-content\/uploads\/2025\/01\/banner__rm9tkj.jpg",924,197,false],"thumbnail":["https:\/\/fsgt95.fr\/wp-content\/uploads\/2025\/01\/banner__rm9tkj-150x150.jpg",150,150,true],"medium":["https:\/\/fsgt95.fr\/wp-content\/uploads\/2025\/01\/banner__rm9tkj-300x64.jpg",300,64,true],"medium_large":["https:\/\/fsgt95.fr\/wp-content\/uploads\/2025\/01\/banner__rm9tkj-768x164.jpg",768,164,true],"large":["https:\/\/fsgt95.fr\/wp-content\/uploads\/2025\/01\/banner__rm9tkj.jpg",924,197,false],"1536x1536":["https:\/\/fsgt95.fr\/wp-content\/uploads\/2025\/01\/banner__rm9tkj.jpg",924,197,false],"2048x2048":["https:\/\/fsgt95.fr\/wp-content\/uploads\/2025\/01\/banner__rm9tkj.jpg",924,197,false],"depicter-thumbnail":["https:\/\/fsgt95.fr\/wp-content\/uploads\/2025\/01\/banner__rm9tkj-200x43.jpg",200,43,true],"neve-blog":["https:\/\/fsgt95.fr\/wp-content\/uploads\/2025\/01\/banner__rm9tkj.jpg",924,197,false]},"uagb_author_info":{"display_name":"adminfsgt95","author_link":"https:\/\/fsgt95.fr\/index.php\/author\/adminfsgt95\/"},"uagb_comment_info":1,"uagb_excerpt":"Le club d\u2019Athl\u00e9tisme U.S.MERY AC Et la ville de Mery-sur Oise organisent au Stade Municipal Bernard GAMBIERle 37e tour de Mery le samedi 4 Avril 2026","_links":{"self":[{"href":"https:\/\/fsgt95.fr\/index.php\/wp-json\/wp\/v2\/posts\/709","targetHints":{"allow":["GET"]}}],"collection":[{"href":"https:\/\/fsgt95.fr\/index.php\/wp-json\/wp\/v2\/posts"}],"about":[{"href":"https:\/\/fsgt95.fr\/index.php\/wp-json\/wp\/v2\/types\/post"}],"author":[{"embeddable":true,"href":"https:\/\/fsgt95.fr\/index.php\/wp-json\/wp\/v2\/users\/1"}],"replies":[{"embeddable":true,"href":"https:\/\/fsgt95.fr\/index.php\/wp-json\/wp\/v2\/comments?post=709"}],"version-history":[{"count":7,"href":"https:\/\/fsgt95.fr\/index.php\/wp-json\/wp\/v2\/posts\/709\/revisions"}],"predecessor-version":[{"id":740,"href":"https:\/\/fsgt95.fr\/index.php\/wp-json\/wp\/v2\/posts\/709\/revisions\/740"}],"wp:featuredmedia":[{"embeddable":true,"href":"https:\/\/fsgt95.fr\/index.php\/wp-json\/wp\/v2\/media\/634"}],"wp:attachment":[{"href":"https:\/\/fsgt95.fr\/index.php\/wp-json\/wp\/v2\/media?parent=709"}],"wp:term":[{"taxonomy":"category","embeddable":true,"href":"https:\/\/fsgt95.fr\/index.php\/wp-json\/wp\/v2\/categories?post=709"},{"taxonomy":"post_tag","embeddable":true,"href":"https:\/\/fsgt95.fr\/index.php\/wp-json\/wp\/v2\/tags?post=709"}],"curies":[{"name":"wp","href":"https:\/\/api.w.org\/{rel}","templated":true}]}}